{"id":42821,"date":"2023-07-10T14:08:02","date_gmt":"2023-07-10T12:08:02","guid":{"rendered":"https:\/\/www.biovision.ch\/story\/une-fromagerie-de-montagne-qui-resiste\/"},"modified":"2023-11-06T14:15:11","modified_gmt":"2023-11-06T13:15:11","slug":"projet-phare-spitzenbuehl","status":"publish","type":"story","link":"https:\/\/www.biovision.ch\/fr\/story\/projet-phare-spitzenbuehl\/","title":{"rendered":"Une fromagerie de montagne qui r\u00e9siste"},"content":{"rendered":"\t\t<div data-elementor-type=\"wp-post\" data-elementor-id=\"42821\" class=\"elementor elementor-42821 elementor-37872\" data-elementor-post-type=\"story\">\n\t\t\t\t\t\t<section class=\"elementor-section elementor-top-section elementor-element elementor-element-c526051 elementor-section-boxed elementor-section-height-default elementor-section-height-default\" data-id=\"c526051\" data-element_type=\"section\" data-e-type=\"section\" data-settings=\"{&quot;animation&quot;:&quot;none&quot;,&quot;_ob_glider_is_slider&quot;:&quot;no&quot;}\">\n\t\t\t\t\t\t<div class=\"elementor-container elementor-column-gap-no\">\n\t\t\t\t\t<div class=\"elementor-column elementor-col-25 elementor-top-column elementor-element elementor-element-d6239cc text-width\" data-id=\"d6239cc\" data-element_type=\"column\" data-e-type=\"column\" data-settings=\"{&quot;_ob_column_hoveranimator&quot;:&quot;no&quot;,&quot;_ob_column_has_pseudo&quot;:&quot;no&quot;}\">\n\t\t\t<div class=\"elementor-widget-wrap\">\n\t\t\t\t\t\t\t<\/div>\n\t\t<\/div>\n\t\t\t\t<div class=\"elementor-column elementor-col-25 elementor-top-column elementor-element elementor-element-8281e32 elementor-invisible\" data-id=\"8281e32\" data-element_type=\"column\" data-e-type=\"column\" data-settings=\"{&quot;animation&quot;:&quot;fadeInUp&quot;,&quot;_ob_column_hoveranimator&quot;:&quot;no&quot;,&quot;_ob_column_has_pseudo&quot;:&quot;no&quot;}\">\n\t\t\t<div class=\"elementor-widget-wrap elementor-element-populated\">\n\t\t\t\t\t\t<div class=\"elementor-element elementor-element-e308696 text elementor-widget elementor-widget-text-editor\" data-id=\"e308696\" data-element_type=\"widget\" data-e-type=\"widget\" data-settings=\"{&quot;_ob_postman_use&quot;:&quot;no&quot;,&quot;_ob_widget_stalker_use&quot;:&quot;no&quot;,&quot;_ob_allow_hoveranimator&quot;:&quot;no&quot;}\" data-widget_type=\"text-editor.default\">\n\t\t\t\t<div class=\"elementor-widget-container\">\n\t\t\t\t\t\t\t\t\t<h2>Portrait en bref du projet \u00ab Fromagerie de montagne Spitzenb\u00fchl \u00bb<\/h2><p>Avant, la ferme Spitzenb\u00fchl, situ\u00e9e \u00e0 Liesberg (BL), \u00e0 650 m\u00e8tres d\u2019altitude, vendait son lait \u00e0 un seul acheteur. Pour Florian Buchwalder, le responsable de l\u2019exploitation, et sa femme Evelyn, cette situation de d\u00e9pendance n\u2019\u00e9tait pas satisfaisante, d\u2019autant que les prix du lait \u00e9taient bas. Aussi le couple a-t-il d\u00e9cid\u00e9 de s\u2019affranchir de tout interm\u00e9diaire et de se lancer dans la vente directe de lait, mais aussi du fromage, des yoghourts, du petit-lait et des autres produits laitiers fabriqu\u00e9s \u00e0 la ferme, le tout \u00e0 des prix \u00e9quitables et en collaboration avec les consommateur\u00b7trices. Pour cela, Florian et Evelyn Buchwalder ont fond\u00e9, avec plus de 70 personnes, une fromagerie-coop\u00e9rative de montagne solidaire, laquelle transforme le lait de plus de 20 vaches \u00e0 cornes de la race Swiss Fleckvieh. Les vaches ont acc\u00e8s au p\u00e2turage et consomment exclusivement des fourrages grossiers. En op\u00e9rant cette transition, la ferme a gagn\u00e9 en durabilit\u00e9 et en souverainet\u00e9 alimentaire. Elle constitue \u00e0 ce titre un mod\u00e8le d\u2019autonomisation et d\u2019autod\u00e9termination en mati\u00e8re de production et de consommation.<\/p>\t\t\t\t\t\t\t\t<\/div>\n\t\t\t\t<\/div>\n\t\t\t\t\t<\/div>\n\t\t<\/div>\n\t\t\t\t<div class=\"elementor-column elementor-col-25 elementor-top-column elementor-element elementor-element-7ef2143\" data-id=\"7ef2143\" data-element_type=\"column\" data-e-type=\"column\" data-settings=\"{&quot;_ob_column_hoveranimator&quot;:&quot;no&quot;,&quot;_ob_column_has_pseudo&quot;:&quot;no&quot;}\">\n\t\t\t<div class=\"elementor-widget-wrap\">\n\t\t\t\t\t\t\t<\/div>\n\t\t<\/div>\n\t\t\t\t<div class=\"elementor-column elementor-col-25 elementor-top-column elementor-element elementor-element-5d800f8 elementor-invisible\" data-id=\"5d800f8\" data-element_type=\"column\" data-e-type=\"column\" data-settings=\"{&quot;animation&quot;:&quot;fadeInUp&quot;,&quot;_ob_column_hoveranimator&quot;:&quot;no&quot;,&quot;_ob_column_has_pseudo&quot;:&quot;no&quot;}\">\n\t\t\t<div class=\"elementor-widget-wrap elementor-element-populated\">\n\t\t\t\t\t\t<div class=\"elementor-element elementor-element-8128dd4 elementor-widget elementor-widget-image\" data-id=\"8128dd4\" data-element_type=\"widget\" data-e-type=\"widget\" data-settings=\"{&quot;_ob_widget_stalker_use&quot;:&quot;no&quot;,&quot;_ob_allow_hoveranimator&quot;:&quot;no&quot;}\" data-widget_type=\"image.default\">\n\t\t\t\t<div class=\"elementor-widget-container\">\n\t\t\t\t\t\t\t\t\t\t\t\t\t\t\t<img fetchpriority=\"high\" decoding=\"async\" width=\"800\" height=\"534\" src=\"https:\/\/www.biovision.ch\/wp-content\/uploads\/2023\/07\/Biovision_Schweiz_Spitzenbuehl_Hof-1024x683.jpg\" class=\"attachment-large size-large wp-image-37899\" alt=\"Biovision Schweiz Spitzenbuehl Hof\" srcset=\"https:\/\/www.biovision.ch\/wp-content\/uploads\/2023\/07\/Biovision_Schweiz_Spitzenbuehl_Hof-1024x683.jpg 1024w, https:\/\/www.biovision.ch\/wp-content\/uploads\/2023\/07\/Biovision_Schweiz_Spitzenbuehl_Hof-300x200.jpg 300w, https:\/\/www.biovision.ch\/wp-content\/uploads\/2023\/07\/Biovision_Schweiz_Spitzenbuehl_Hof-768x512.jpg 768w, https:\/\/www.biovision.ch\/wp-content\/uploads\/2023\/07\/Biovision_Schweiz_Spitzenbuehl_Hof-1536x1024.jpg 1536w, https:\/\/www.biovision.ch\/wp-content\/uploads\/2023\/07\/Biovision_Schweiz_Spitzenbuehl_Hof-2048x1366.jpg 2048w\" sizes=\"(max-width: 800px) 100vw, 800px\" \/>\t\t\t\t\t\t\t\t\t\t\t\t\t\t\t<\/div>\n\t\t\t\t<\/div>\n\t\t\t\t<section class=\"elementor-section elementor-inner-section elementor-element elementor-element-e9eee06 elementor-section-boxed elementor-section-height-default elementor-section-height-default\" data-id=\"e9eee06\" data-element_type=\"section\" data-e-type=\"section\" data-settings=\"{&quot;background_background&quot;:&quot;classic&quot;,&quot;_ob_glider_is_slider&quot;:&quot;no&quot;}\">\n\t\t\t\t\t\t<div class=\"elementor-container elementor-column-gap-default\">\n\t\t\t\t\t<div class=\"elementor-column elementor-col-100 elementor-inner-column elementor-element elementor-element-fa0a032\" data-id=\"fa0a032\" data-element_type=\"column\" data-e-type=\"column\" data-settings=\"{&quot;_ob_column_hoveranimator&quot;:&quot;no&quot;,&quot;_ob_column_has_pseudo&quot;:&quot;no&quot;}\">\n\t\t\t<div class=\"elementor-widget-wrap elementor-element-populated\">\n\t\t\t\t\t\t<div class=\"elementor-element elementor-element-5822dc9 elementor-widget elementor-widget-text-editor\" data-id=\"5822dc9\" data-element_type=\"widget\" data-e-type=\"widget\" data-settings=\"{&quot;_ob_postman_use&quot;:&quot;no&quot;,&quot;_ob_widget_stalker_use&quot;:&quot;no&quot;,&quot;_ob_allow_hoveranimator&quot;:&quot;no&quot;}\" data-widget_type=\"text-editor.default\">\n\t\t\t\t<div class=\"elementor-widget-container\">\n\t\t\t\t\t\t\t\t\t<p>Avec le projet \u00ab <a href=\"https:\/\/www.biovision.ch\/fr\/projet\/sinspirer-de-bonnes-pratiques\/\">Exemples de bonnes pratiques pour un syst\u00e8me alimentaire durable<\/a> \u00bb, Biovision offre une tribune aux initiatives et projets en Suisse qui contribuent \u00e0 fa\u00e7onner un syst\u00e8me alimentaire durable. Nous souhaitons d\u00e9montrer que des solutions viables existent et qu\u2019un changement vers plus de durabilit\u00e9 est possible !<\/p>\t\t\t\t\t\t\t\t<\/div>\n\t\t\t\t<\/div>\n\t\t\t\t<div data-dce-title-color=\"#333333\" class=\"elementor-element elementor-element-1b57c57 elementor-widget elementor-widget-heading\" data-id=\"1b57c57\" data-element_type=\"widget\" data-e-type=\"widget\" data-settings=\"{&quot;_ob_widget_stalker_use&quot;:&quot;no&quot;,&quot;_ob_allow_hoveranimator&quot;:&quot;no&quot;}\" data-widget_type=\"heading.default\">\n\t\t\t\t<div class=\"elementor-widget-container\">\n\t\t\t\t\t<h2 class=\"elementor-heading-title elementor-size-default\">La fromagerie Spitzenb\u00fcehl en ligne<\/h2>\t\t\t\t<\/div>\n\t\t\t\t<\/div>\n\t\t\t\t<div class=\"elementor-element elementor-element-f4c6ab6 text elementor-widget elementor-widget-text-editor\" data-id=\"f4c6ab6\" data-element_type=\"widget\" data-e-type=\"widget\" data-settings=\"{&quot;_ob_postman_use&quot;:&quot;no&quot;,&quot;_ob_widget_stalker_use&quot;:&quot;no&quot;,&quot;_ob_allow_hoveranimator&quot;:&quot;no&quot;}\" data-widget_type=\"text-editor.default\">\n\t\t\t\t<div class=\"elementor-widget-container\">\n\t\t\t\t\t\t\t\t\t<p><a href=\"http:\/\/www.biohof.spitzenbuehl.ch\/\" target=\"_blank\" rel=\"noopener\">Website<\/a><\/p>\n\t\t\t\t\t\t\t\t<\/div>\n\t\t\t\t<\/div>\n\t\t\t\t\t<\/div>\n\t\t<\/div>\n\t\t\t\t\t<\/div>\n\t\t<\/section>\n\t\t\t\t\t<\/div>\n\t\t<\/div>\n\t\t\t\t\t<\/div>\n\t\t<\/section>\n\t\t\t\t<section class=\"elementor-section elementor-top-section elementor-element elementor-element-9c6c8b8 elementor-section-boxed elementor-section-height-default elementor-section-height-default\" data-id=\"9c6c8b8\" data-element_type=\"section\" data-e-type=\"section\" data-settings=\"{&quot;animation&quot;:&quot;none&quot;,&quot;_ob_glider_is_slider&quot;:&quot;no&quot;}\">\n\t\t\t\t\t\t<div class=\"elementor-container elementor-column-gap-no\">\n\t\t\t\t\t<div class=\"elementor-column elementor-col-100 elementor-top-column elementor-element elementor-element-ca44387 elementor-invisible\" data-id=\"ca44387\" data-element_type=\"column\" data-e-type=\"column\" data-settings=\"{&quot;animation&quot;:&quot;fadeInUp&quot;,&quot;_ob_column_hoveranimator&quot;:&quot;no&quot;,&quot;_ob_column_has_pseudo&quot;:&quot;no&quot;}\">\n\t\t\t<div class=\"elementor-widget-wrap elementor-element-populated\">\n\t\t\t\t\t\t<div class=\"elementor-element elementor-element-f4f2e94 text elementor-widget elementor-widget-text-editor\" data-id=\"f4f2e94\" data-element_type=\"widget\" data-e-type=\"widget\" data-settings=\"{&quot;_ob_postman_use&quot;:&quot;no&quot;,&quot;_ob_widget_stalker_use&quot;:&quot;no&quot;,&quot;_ob_allow_hoveranimator&quot;:&quot;no&quot;}\" data-widget_type=\"text-editor.default\">\n\t\t\t\t<div class=\"elementor-widget-container\">\n\t\t\t\t\t\t\t\t\t<h2>Solidaire et coop\u00e9ratif<\/h2><p>La fromagerie-coop\u00e9rative de montagne Spitzenb\u00fchl est organis\u00e9e selon le mod\u00e8le de l\u2019agriculture solidaire. Les consommateur\u00b7trices paient des prix \u00e9quitables pour les produits laitiers qu\u2019il\u00b7elles commandent, sont impliqu\u00e9\u00b7es dans la production et ont ainsi un aper\u00e7u de la fabrication. Chaque coop\u00e9rateur\u00b7trice consacre quatre heures par an \u00e0 la transformation et \u00e0 la logistique. Un syst\u00e8me d\u2019abonnement encadre la vente des produits laitiers, qui sont distribu\u00e9s chaque semaine dans six d\u00e9p\u00f4ts r\u00e9frig\u00e9r\u00e9s r\u00e9partis sur le territoire des deux demi-cantons b\u00e2lois. La Swiss Fleckvieh \u00e9tant une race \u00e0 deux fins (elle se pr\u00eate aussi bien \u00e0 la production de lait qu\u2019\u00e0 la production de viande), les consommateur\u00b7trices peuvent \u00e9galement acheter des colis de viande de la ferme, ce qui contribue \u00e0 <strong>la diversification \u00e9conomique<\/strong> (principe 7 du graphique ci-dessus). L\u2019ancrage de la ferme sur tout le territoire b\u00e2lois garantit par ailleurs un niveau \u00e9lev\u00e9 de <strong>connectivit\u00e9<\/strong> (principe 11), l\u2019essentiel de la transformation ayant n\u00e9anmoins lieu \u00e0 la ferme.<\/p><h2>Une approche respectueuse de la nature<\/h2><p>L\u2019entreprise accorde une grande importance \u00e0 <strong>la sant\u00e9 animale<\/strong> (principe 4). Les vaches passent toute la saison au p\u00e2turage (syst\u00e8me de p\u00e2turage int\u00e9gral) et conservent leurs cornes. Le fourrage provient de la ferme : il pousse sur des terres qui ne pourraient pas \u00eatre cultiv\u00e9es pour l\u2019alimentation humaine. La ferme pratique la reproduction naturelle. Les veaux sont \u00e9lev\u00e9s sous la m\u00e8re ou sous vache nourrice \u2013 une sorte de m\u00e8re de substitution qui allaite des veaux d\u2019autres vaches en plus du leur. Ainsi, tous les veaux se nourrissent au pis, ce qui les rend moins sensibles aux maladies. Actuellement, les Buchwalder \u00e9l\u00e8vent en outre douze g\u00e9nisses.<\/p><p>Les pentes abruptes de la ferme abritent un verger de 160 arbres fruitiers haute-tige, pour la plupart des vari\u00e9t\u00e9s ProSpecieRara. Leurs racines d\u00e9compactent le sol, ce qui, combin\u00e9 \u00e0 une intervention raisonn\u00e9e (par exemple l\u2019utilisation de machines l\u00e9g\u00e8res), contribue \u00e0 une <strong>bonne sant\u00e9 du sol<\/strong> (principe 3). Enfin, le taux de <strong>participation<\/strong> (principe 13) tr\u00e8s \u00e9lev\u00e9 du projet s\u2019explique par l\u2019engagement de Florian Buchwalder dans divers r\u00e9seaux et associations pour une agriculture solidaire et \u00e9quitable.<\/p>\t\t\t\t\t\t\t\t<\/div>\n\t\t\t\t<\/div>\n\t\t\t\t\t<\/div>\n\t\t<\/div>\n\t\t\t\t\t<\/div>\n\t\t<\/section>\n\t\t\t\t<section class=\"elementor-section elementor-top-section elementor-element elementor-element-5158e0e animated-slow elementor-section-boxed elementor-section-height-default elementor-section-height-default\" data-id=\"5158e0e\" data-element_type=\"section\" data-e-type=\"section\" data-settings=\"{&quot;animation&quot;:&quot;none&quot;,&quot;_ob_glider_is_slider&quot;:&quot;no&quot;}\">\n\t\t\t\t\t\t<div class=\"elementor-container elementor-column-gap-no\">\n\t\t\t\t\t<div class=\"elementor-column elementor-col-100 elementor-top-column elementor-element elementor-element-0d24f64 animated-slow elementor-invisible\" data-id=\"0d24f64\" data-element_type=\"column\" data-e-type=\"column\" data-settings=\"{&quot;animation&quot;:&quot;zoomIn&quot;,&quot;_ob_column_hoveranimator&quot;:&quot;no&quot;,&quot;_ob_column_has_pseudo&quot;:&quot;no&quot;}\">\n\t\t\t<div class=\"elementor-widget-wrap elementor-element-populated\">\n\t\t\t\t\t\t<div class=\"elementor-element elementor-element-ea53a76 elementor-widget elementor-widget-image\" data-id=\"ea53a76\" data-element_type=\"widget\" data-e-type=\"widget\" id=\"1\" data-settings=\"{&quot;_ob_widget_stalker_use&quot;:&quot;no&quot;,&quot;_ob_allow_hoveranimator&quot;:&quot;no&quot;}\" data-widget_type=\"image.default\">\n\t\t\t\t<div class=\"elementor-widget-container\">\n\t\t\t\t\t\t\t\t\t\t\t\t<figure class=\"wp-caption\">\n\t\t\t\t\t\t\t\t\t\t<img decoding=\"async\" width=\"800\" height=\"800\" src=\"https:\/\/www.biovision.ch\/wp-content\/uploads\/2023\/07\/Spitzenbuehl_B-ACT_Grafik_fr-1024x1024.jpg\" class=\"attachment-large size-large wp-image-42844\" alt=\"Die B-ACT Auswertung der Bergk\u00e4serei Spitzenb\u00fchl.\" srcset=\"https:\/\/www.biovision.ch\/wp-content\/uploads\/2023\/07\/Spitzenbuehl_B-ACT_Grafik_fr-1024x1024.jpg 1024w, https:\/\/www.biovision.ch\/wp-content\/uploads\/2023\/07\/Spitzenbuehl_B-ACT_Grafik_fr-300x300.jpg 300w, https:\/\/www.biovision.ch\/wp-content\/uploads\/2023\/07\/Spitzenbuehl_B-ACT_Grafik_fr-150x150.jpg 150w, https:\/\/www.biovision.ch\/wp-content\/uploads\/2023\/07\/Spitzenbuehl_B-ACT_Grafik_fr-768x768.jpg 768w, https:\/\/www.biovision.ch\/wp-content\/uploads\/2023\/07\/Spitzenbuehl_B-ACT_Grafik_fr-1536x1536.jpg 1536w, https:\/\/www.biovision.ch\/wp-content\/uploads\/2023\/07\/Spitzenbuehl_B-ACT_Grafik_fr-2048x2048.jpg 2048w\" sizes=\"(max-width: 800px) 100vw, 800px\" \/>\t\t\t\t\t\t\t\t\t\t\t<figcaption class=\"widget-image-caption wp-caption-text\">L'\u00e9valuation B-ACT de la fromagerie de montagne de Spitzenb\u00fchl.<\/figcaption>\n\t\t\t\t\t\t\t\t\t\t<\/figure>\n\t\t\t\t\t\t\t\t\t<\/div>\n\t\t\t\t<\/div>\n\t\t\t\t\t<\/div>\n\t\t<\/div>\n\t\t\t\t\t<\/div>\n\t\t<\/section>\n\t\t\t\t<section class=\"elementor-section elementor-top-section elementor-element elementor-element-12a0bcb elementor-reverse-mobile elementor-section-stretched elementor-section-boxed elementor-section-height-default elementor-section-height-default\" data-id=\"12a0bcb\" data-element_type=\"section\" data-e-type=\"section\" data-settings=\"{&quot;background_background&quot;:&quot;classic&quot;,&quot;stretch_section&quot;:&quot;section-stretched&quot;,&quot;animation&quot;:&quot;none&quot;,&quot;_ob_glider_is_slider&quot;:&quot;no&quot;}\">\n\t\t\t\t\t\t<div class=\"elementor-container elementor-column-gap-no\">\n\t\t\t\t\t<div class=\"elementor-column elementor-col-25 elementor-top-column elementor-element elementor-element-68d06aa elementor-hidden-mobile\" data-id=\"68d06aa\" data-element_type=\"column\" data-e-type=\"column\" data-settings=\"{&quot;_ob_column_hoveranimator&quot;:&quot;no&quot;,&quot;_ob_column_has_pseudo&quot;:&quot;no&quot;}\">\n\t\t\t<div class=\"elementor-widget-wrap\">\n\t\t\t\t\t\t\t<\/div>\n\t\t<\/div>\n\t\t\t\t<div class=\"elementor-column elementor-col-25 elementor-top-column elementor-element elementor-element-58ea924 elementor-invisible\" data-id=\"58ea924\" data-element_type=\"column\" data-e-type=\"column\" data-settings=\"{&quot;animation&quot;:&quot;fadeInLeft&quot;,&quot;_ob_column_hoveranimator&quot;:&quot;no&quot;,&quot;_ob_column_has_pseudo&quot;:&quot;no&quot;}\">\n\t\t\t<div class=\"elementor-widget-wrap elementor-element-populated\">\n\t\t\t\t\t\t<div data-dce-title-color=\"#333333\" class=\"elementor-element elementor-element-0145386 elementor-widget elementor-widget-heading\" data-id=\"0145386\" data-element_type=\"widget\" data-e-type=\"widget\" data-settings=\"{&quot;_ob_widget_stalker_use&quot;:&quot;no&quot;,&quot;_ob_allow_hoveranimator&quot;:&quot;no&quot;}\" data-widget_type=\"heading.default\">\n\t\t\t\t<div class=\"elementor-widget-container\">\n\t\t\t\t\t<h2 class=\"elementor-heading-title elementor-size-default\">Comment fonctionne l'\u00e9valuation avec l'outil <br \/>B-ACT ?<\/h2>\t\t\t\t<\/div>\n\t\t\t\t<\/div>\n\t\t\t\t<div class=\"elementor-element elementor-element-55c97c1 text elementor-widget elementor-widget-text-editor\" data-id=\"55c97c1\" data-element_type=\"widget\" data-e-type=\"widget\" data-settings=\"{&quot;_ob_postman_use&quot;:&quot;no&quot;,&quot;_ob_widget_stalker_use&quot;:&quot;no&quot;,&quot;_ob_allow_hoveranimator&quot;:&quot;no&quot;}\" data-widget_type=\"text-editor.default\">\n\t\t\t\t<div class=\"elementor-widget-container\">\n\t\t\t\t\t\t\t\t\t<p>Le B-ACT refl\u00e8te l&rsquo;orientation des entreprises, des projets et des initiatives vers les 13 principes agro-\u00e9cologiques du \u00ab\u00a0High Level Panel of Experts on Food Security and Nutrition\u00a0\u00bb (HLPE).<\/p><p>Chaque principe s&rsquo;inscrit dans l&rsquo;un des trois th\u00e8mes g\u00e9n\u00e9raux :<\/p><ul><li>Augmenter l&rsquo;efficacit\u00e9 des ressources<\/li><li>Renforcer la r\u00e9silience<\/li><li>Assurer la justice sociale<\/li><\/ul><p>\u00a0<\/p><p>Pour tous les principes, Biovision a \u00e9labor\u00e9 des questions en collaboration avec des partenaires, qui ont \u00e9t\u00e9 int\u00e9gr\u00e9es dans le B-ACT. Plus le nombre de questions auxquelles il est possible de r\u00e9pondre positivement pour une initiative ou un mod\u00e8le commercial est \u00e9lev\u00e9, plus la contribution au principe correspondant est importante.<\/p>\t\t\t\t\t\t\t\t<\/div>\n\t\t\t\t<\/div>\n\t\t\t\t<div data-dce-background-color=\"#F6F6F600\" class=\"elementor-element elementor-element-99eb299 elementor-align-left elementor-widget elementor-widget-button\" data-id=\"99eb299\" data-element_type=\"widget\" data-e-type=\"widget\" data-settings=\"{&quot;_ob_widget_stalker_use&quot;:&quot;no&quot;,&quot;_ob_allow_hoveranimator&quot;:&quot;no&quot;}\" data-widget_type=\"button.default\">\n\t\t\t\t<div class=\"elementor-widget-container\">\n\t\t\t\t\t\t\t\t\t<div class=\"elementor-button-wrapper\">\n\t\t\t\t\t<a class=\"elementor-button elementor-button-link elementor-size-sm\" href=\"https:\/\/www.biovision.ch\/fr\/story\/b-act\/\">\n\t\t\t\t\t\t<span class=\"elementor-button-content-wrapper\">\n\t\t\t\t\t\t\t\t\t<span class=\"elementor-button-text\">En savoir plus<\/span>\n\t\t\t\t\t<\/span>\n\t\t\t\t\t<\/a>\n\t\t\t\t<\/div>\n\t\t\t\t\t\t\t\t<\/div>\n\t\t\t\t<\/div>\n\t\t\t\t\t<\/div>\n\t\t<\/div>\n\t\t\t\t<div class=\"elementor-column elementor-col-25 elementor-top-column elementor-element elementor-element-8ea5068\" data-id=\"8ea5068\" data-element_type=\"column\" data-e-type=\"column\" data-settings=\"{&quot;animation&quot;:&quot;none&quot;,&quot;_ob_column_hoveranimator&quot;:&quot;no&quot;,&quot;_ob_column_has_pseudo&quot;:&quot;no&quot;}\">\n\t\t\t<div class=\"elementor-widget-wrap\">\n\t\t\t\t\t\t\t<\/div>\n\t\t<\/div>\n\t\t\t\t<div class=\"elementor-column elementor-col-25 elementor-top-column elementor-element elementor-element-1c35d01 elementor-invisible\" data-id=\"1c35d01\" data-element_type=\"column\" data-e-type=\"column\" data-settings=\"{&quot;animation&quot;:&quot;fadeInRight&quot;,&quot;_ob_column_hoveranimator&quot;:&quot;no&quot;,&quot;_ob_column_has_pseudo&quot;:&quot;no&quot;}\">\n\t\t\t<div class=\"elementor-widget-wrap elementor-element-populated\">\n\t\t\t\t\t\t<div class=\"elementor-element elementor-element-3430534 elementor-widget elementor-widget-image\" data-id=\"3430534\" data-element_type=\"widget\" data-e-type=\"widget\" data-settings=\"{&quot;_ob_widget_stalker_use&quot;:&quot;no&quot;,&quot;_ob_allow_hoveranimator&quot;:&quot;no&quot;}\" data-widget_type=\"image.default\">\n\t\t\t\t<div class=\"elementor-widget-container\">\n\t\t\t\t\t\t\t\t\t\t\t\t\t\t\t<img decoding=\"async\" src=\"https:\/\/www.biovision.ch\/wp-content\/uploads\/elementor\/thumbs\/Biovision_B-ACT_Illu-Squarefish_mod-q8iweumkdw5w3jpxelgw0piru92prewi3oq8vz52j0.jpg\" title=\"Biovision_B-ACT_Illu-Squarefish_mod\" alt=\"Illustration des B-ACT Tools auf einem Computer.\" loading=\"lazy\" \/>\t\t\t\t\t\t\t\t\t\t\t\t\t\t\t<\/div>\n\t\t\t\t<\/div>\n\t\t\t\t\t<\/div>\n\t\t<\/div>\n\t\t\t\t\t<\/div>\n\t\t<\/section>\n\t\t\t\t<section class=\"elementor-section elementor-top-section elementor-element elementor-element-774e8ae elementor-section-boxed elementor-section-height-default elementor-section-height-default\" data-id=\"774e8ae\" data-element_type=\"section\" data-e-type=\"section\" data-settings=\"{&quot;animation&quot;:&quot;none&quot;,&quot;_ob_glider_is_slider&quot;:&quot;no&quot;}\">\n\t\t\t\t\t\t<div class=\"elementor-container elementor-column-gap-no\">\n\t\t\t\t\t<div class=\"elementor-column elementor-col-100 elementor-top-column elementor-element elementor-element-c5f374b elementor-invisible\" data-id=\"c5f374b\" data-element_type=\"column\" data-e-type=\"column\" data-settings=\"{&quot;animation&quot;:&quot;fadeInUp&quot;,&quot;_ob_column_hoveranimator&quot;:&quot;no&quot;,&quot;_ob_column_has_pseudo&quot;:&quot;no&quot;}\">\n\t\t\t<div class=\"elementor-widget-wrap elementor-element-populated\">\n\t\t\t\t\t\t<div class=\"elementor-element elementor-element-3f3afd1 text elementor-widget elementor-widget-text-editor\" data-id=\"3f3afd1\" data-element_type=\"widget\" data-e-type=\"widget\" data-settings=\"{&quot;_ob_postman_use&quot;:&quot;no&quot;,&quot;_ob_widget_stalker_use&quot;:&quot;no&quot;,&quot;_ob_allow_hoveranimator&quot;:&quot;no&quot;}\" data-widget_type=\"text-editor.default\">\n\t\t\t\t<div class=\"elementor-widget-container\">\n\t\t\t\t\t\t\t\t\t<h2>Les points forts du projet<\/h2><ul><li><p>La d\u00e9marche de la ferme Spitzenb\u00fchl est empreinte d\u2019une grande <strong>coh\u00e9rence<\/strong> dans son <strong>respect de la nature<\/strong>. Les vaches ont acc\u00e8s au p\u00e2turage pendant toute la p\u00e9riode de v\u00e9g\u00e9tation (syst\u00e8me de p\u00e2turage int\u00e9gral) et sont exclusivement nourries \u00e0 l\u2019herbe et au foin de la ferme. La reproduction s\u2019effectue de mani\u00e8re naturelle.<\/p><\/li><li><p>Une grande importance est accord\u00e9e \u00e0 <strong>l\u2019autonomie<\/strong>. Les Buchwalder n\u2019ach\u00e8tent pas de fourrage ni de pesticides, d\u2019engrais ou d\u2019animaux. En mati\u00e8re d\u2019approvisionnement \u00e9nerg\u00e9tique, la ferme dispose de son propre po\u00eale \u00e0 copeaux de bois, aliment\u00e9 avec du bois coup\u00e9 sur ses terres. L\u2019autonomie prime \u00e9galement dans la vente des produits.<\/p><\/li><li><p>La fromagerie de montagne Spitzenb\u00fchl constitue un <strong>laboratoire<\/strong> d\u2019exp\u00e9rimentation pour Florian Buchwalder et son \u00e9quipe, qui ne manquent pas de partager leurs connaissances et leur exp\u00e9rience avec d\u2019autres exploitations et projets.<\/p><\/li><\/ul>\t\t\t\t\t\t\t\t<\/div>\n\t\t\t\t<\/div>\n\t\t\t\t\t<\/div>\n\t\t<\/div>\n\t\t\t\t\t<\/div>\n\t\t<\/section>\n\t\t\t\t<section class=\"elementor-section elementor-top-section elementor-element elementor-element-6bf7d0b animated-slow elementor-section-boxed elementor-section-height-default elementor-section-height-default\" data-id=\"6bf7d0b\" data-element_type=\"section\" data-e-type=\"section\" data-settings=\"{&quot;animation&quot;:&quot;none&quot;,&quot;_ob_glider_is_slider&quot;:&quot;no&quot;}\">\n\t\t\t\t\t\t<div class=\"elementor-container elementor-column-gap-no\">\n\t\t\t\t\t<div class=\"elementor-column elementor-col-100 elementor-top-column elementor-element elementor-element-23348c2 animated-slow elementor-invisible\" data-id=\"23348c2\" data-element_type=\"column\" data-e-type=\"column\" data-settings=\"{&quot;animation&quot;:&quot;zoomIn&quot;,&quot;_ob_column_hoveranimator&quot;:&quot;no&quot;,&quot;_ob_column_has_pseudo&quot;:&quot;no&quot;}\">\n\t\t\t<div class=\"elementor-widget-wrap elementor-element-populated\">\n\t\t\t\t\t\t<div class=\"elementor-element elementor-element-2c42a4c elementor-widget elementor-widget-image\" data-id=\"2c42a4c\" data-element_type=\"widget\" data-e-type=\"widget\" data-settings=\"{&quot;_ob_widget_stalker_use&quot;:&quot;no&quot;,&quot;_ob_allow_hoveranimator&quot;:&quot;no&quot;}\" data-widget_type=\"image.default\">\n\t\t\t\t<div class=\"elementor-widget-container\">\n\t\t\t\t\t\t\t\t\t\t\t\t<figure class=\"wp-caption\">\n\t\t\t\t\t\t\t\t\t\t<img decoding=\"async\" width=\"2560\" height=\"3840\" src=\"https:\/\/www.biovision.ch\/wp-content\/uploads\/2023\/07\/Biovision_Schweiz_Spitzenbuehl_Team.jpg\" class=\"attachment-full size-full wp-image-37896\" alt=\"Biovision Schweiz Spitzenbuehl Team\" srcset=\"https:\/\/www.biovision.ch\/wp-content\/uploads\/2023\/07\/Biovision_Schweiz_Spitzenbuehl_Team.jpg 2560w, https:\/\/www.biovision.ch\/wp-content\/uploads\/2023\/07\/Biovision_Schweiz_Spitzenbuehl_Team-200x300.jpg 200w, https:\/\/www.biovision.ch\/wp-content\/uploads\/2023\/07\/Biovision_Schweiz_Spitzenbuehl_Team-683x1024.jpg 683w, https:\/\/www.biovision.ch\/wp-content\/uploads\/2023\/07\/Biovision_Schweiz_Spitzenbuehl_Team-768x1152.jpg 768w, https:\/\/www.biovision.ch\/wp-content\/uploads\/2023\/07\/Biovision_Schweiz_Spitzenbuehl_Team-1024x1536.jpg 1024w, https:\/\/www.biovision.ch\/wp-content\/uploads\/2023\/07\/Biovision_Schweiz_Spitzenbuehl_Team-1365x2048.jpg 1365w\" sizes=\"(max-width: 2560px) 100vw, 2560px\" \/>\t\t\t\t\t\t\t\t\t\t\t<figcaption class=\"widget-image-caption wp-caption-text\">L'\u00e9quipe de la coop\u00e9rative Spitzenb\u00fchl<\/figcaption>\n\t\t\t\t\t\t\t\t\t\t<\/figure>\n\t\t\t\t\t\t\t\t\t<\/div>\n\t\t\t\t<\/div>\n\t\t\t\t\t<\/div>\n\t\t<\/div>\n\t\t\t\t\t<\/div>\n\t\t<\/section>\n\t\t\t\t<section class=\"elementor-section elementor-top-section elementor-element elementor-element-1d45db9 elementor-section-boxed elementor-section-height-default elementor-section-height-default\" data-id=\"1d45db9\" data-element_type=\"section\" data-e-type=\"section\" data-settings=\"{&quot;animation&quot;:&quot;none&quot;,&quot;_ob_glider_is_slider&quot;:&quot;no&quot;}\">\n\t\t\t\t\t\t<div class=\"elementor-container elementor-column-gap-no\">\n\t\t\t\t\t<div class=\"elementor-column elementor-col-100 elementor-top-column elementor-element elementor-element-45b1759 elementor-invisible\" data-id=\"45b1759\" data-element_type=\"column\" data-e-type=\"column\" data-settings=\"{&quot;animation&quot;:&quot;fadeInUp&quot;,&quot;_ob_column_hoveranimator&quot;:&quot;no&quot;,&quot;_ob_column_has_pseudo&quot;:&quot;no&quot;}\">\n\t\t\t<div class=\"elementor-widget-wrap elementor-element-populated\">\n\t\t\t\t\t\t<div class=\"elementor-element elementor-element-cbeba92 text elementor-widget elementor-widget-text-editor\" data-id=\"cbeba92\" data-element_type=\"widget\" data-e-type=\"widget\" data-settings=\"{&quot;_ob_postman_use&quot;:&quot;no&quot;,&quot;_ob_widget_stalker_use&quot;:&quot;no&quot;,&quot;_ob_allow_hoveranimator&quot;:&quot;no&quot;}\" data-widget_type=\"text-editor.default\">\n\t\t\t\t<div class=\"elementor-widget-container\">\n\t\t\t\t\t\t\t\t\t<h2>Quels sont les d\u00e9fis \u00e0 relever par le Spitzenb\u00fchl ?<\/h2><p>Tandis que Florian Buchwalder d\u00e9pend de la rentabilit\u00e9 de la fromagerie pour vivre, les autres membres de la coop\u00e9rative sont moins directement concern\u00e9\u00b7es. Pour autant, les d\u00e9cisions sont prises de mani\u00e8re participative. Il en r\u00e9sulte un d\u00e9s\u00e9quilibre qui ne correspond pas \u00e0 la vision initiale d\u2019un partage des responsabilit\u00e9s.<\/p><p>Cela s\u2019explique par diff\u00e9rents \u00e9l\u00e9ments. D\u2019une part, le cadre juridique pose probl\u00e8me : les <strong>r\u00e8gles en vigueur en mati\u00e8re de construction<\/strong> n\u2019ont pas permis \u00e0 la coop\u00e9rative de construire elle-m\u00eame la fromagerie de la ferme. Florian Buchwalder a d\u00fb rattacher la construction du b\u00e2timent \u00e0 son entreprise agricole, la coop\u00e9rative s\u2019acquittant du loyer, des charges de personnel et des frais de mat\u00e9riel. D\u2019un point de vue juridique, le risque et la responsabilit\u00e9 sont donc exclusivement port\u00e9s par l\u2019entreprise et non partag\u00e9s entre les membres de la coop\u00e9rative.<\/p><p>D\u2019autre part, <strong>l\u2019emplacement<\/strong> de la fromagerie \u00e0 l\u2019extr\u00e9mit\u00e9 ouest du canton de B\u00e2le-Campagne, dans le Jura b\u00e2lois, constitue un inconv\u00e9nient. De nombreux\u00b7euses coop\u00e9rateur\u00b7trices et abonn\u00e9\u00b7es ont un long trajet \u00e0 faire pour venir travailler \u00e0 la ferme. Cet \u00e9loignement freine la participation, ce qui va \u00e0 l\u2019encontre de l\u2019id\u00e9e initiale d\u2019une collaboration \u00e9troite, et rend difficile le recrutement d\u2019un nombre suffisant de personnes pour le projet. Or la coop\u00e9rative aurait besoin de membres suppl\u00e9mentaires pour devenir rentable.<\/p>\t\t\t\t\t\t\t\t<\/div>\n\t\t\t\t<\/div>\n\t\t\t\t\t<\/div>\n\t\t<\/div>\n\t\t\t\t\t<\/div>\n\t\t<\/section>\n\t\t\t\t<section class=\"elementor-section elementor-top-section elementor-element elementor-element-7f72a2a elementor-section-boxed elementor-section-height-default elementor-section-height-default\" data-id=\"7f72a2a\" data-element_type=\"section\" data-e-type=\"section\" data-settings=\"{&quot;animation&quot;:&quot;none&quot;,&quot;_ob_glider_is_slider&quot;:&quot;no&quot;}\">\n\t\t\t\t\t\t<div class=\"elementor-container elementor-column-gap-no\">\n\t\t\t\t\t<div class=\"elementor-column elementor-col-100 elementor-top-column elementor-element elementor-element-c3d24f1 elementor-invisible\" data-id=\"c3d24f1\" data-element_type=\"column\" data-e-type=\"column\" data-settings=\"{&quot;animation&quot;:&quot;fadeInUp&quot;,&quot;_ob_column_hoveranimator&quot;:&quot;no&quot;,&quot;_ob_column_has_pseudo&quot;:&quot;no&quot;}\">\n\t\t\t<div class=\"elementor-widget-wrap elementor-element-populated\">\n\t\t\t\t\t\t<div class=\"elementor-element elementor-element-f144869 elementor-invisible elementor-widget elementor-widget-heading\" data-id=\"f144869\" data-element_type=\"widget\" data-e-type=\"widget\" data-settings=\"{&quot;_animation&quot;:&quot;fadeInUp&quot;,&quot;_ob_widget_stalker_use&quot;:&quot;no&quot;,&quot;_ob_allow_hoveranimator&quot;:&quot;no&quot;}\" data-widget_type=\"heading.default\">\n\t\t\t\t<div class=\"elementor-widget-container\">\n\t\t\t\t\t<h2 class=\"elementor-heading-title elementor-size-default\">Autres initiatives\u200b<\/h2>\t\t\t\t<\/div>\n\t\t\t\t<\/div>\n\t\t\t\t\t<\/div>\n\t\t<\/div>\n\t\t\t\t\t<\/div>\n\t\t<\/section>\n\t\t\t\t<section class=\"elementor-section elementor-top-section elementor-element elementor-element-292d69d elementor-section-boxed elementor-section-height-default elementor-section-height-default\" data-id=\"292d69d\" data-element_type=\"section\" data-e-type=\"section\" data-settings=\"{&quot;animation&quot;:&quot;none&quot;,&quot;_ob_glider_is_slider&quot;:&quot;no&quot;}\">\n\t\t\t\t\t\t<div class=\"elementor-container elementor-column-gap-no\">\n\t\t\t\t\t<div class=\"elementor-column elementor-col-100 elementor-top-column elementor-element elementor-element-10447e3 elementor-invisible\" data-id=\"10447e3\" data-element_type=\"column\" data-e-type=\"column\" data-settings=\"{&quot;animation&quot;:&quot;fadeInUp&quot;,&quot;_ob_column_hoveranimator&quot;:&quot;no&quot;,&quot;_ob_column_has_pseudo&quot;:&quot;no&quot;}\">\n\t\t\t<div class=\"elementor-widget-wrap elementor-element-populated\">\n\t\t\t\t\t\t<div class=\"elementor-element elementor-element-e2d4c3b elementor-widget elementor-widget-shortcode\" data-id=\"e2d4c3b\" data-element_type=\"widget\" data-e-type=\"widget\" data-settings=\"{&quot;_ob_widget_stalker_use&quot;:&quot;no&quot;,&quot;_ob_allow_hoveranimator&quot;:&quot;no&quot;}\" data-widget_type=\"shortcode.default\">\n\t\t\t\t<div class=\"elementor-widget-container\">\n\t\t\t\t\t\t\t<div class=\"elementor-shortcode\">\t\t<div id=\"maps-marker-pro-4c4dc981\" class=\"maps-marker-pro\" style=\"width: 100%;\">\n\t\t\t<div id=\"mmp-map-wrap-4c4dc981\" class=\"mmp-map-wrap\">\n\t\t\t\t\t\t\t\t<div id=\"mmp-map-4c4dc981\" class=\"mmp-map\" style=\"height: 548px;\"><\/div>\n\t\t\t\t\t\t\t<\/div>\n\t\t\t\t\t<\/div>\n\t\t<\/div>\n\t\t\t\t\t\t<\/div>\n\t\t\t\t<\/div>\n\t\t\t\t\t<\/div>\n\t\t<\/div>\n\t\t\t\t\t<\/div>\n\t\t<\/section>\n\t\t\t\t<\/div>\n\t\t","protected":false},"excerpt":{"rendered":"<p>La fromagerie de montagne Spitzenb\u00fchl se trouve dans le canton de B\u00e2le-Campagne, \u00e0 650 m\u00e8tres d\u2019altitude. Son organisation solidaire en coop\u00e9rative met l\u2019accent sur des prix \u00e9quitables et l\u2019autod\u00e9termination.<\/p>\n","protected":false},"featured_media":37886,"template":"","exclude-from-search":[],"newsletter":[],"region":[258],"projektthema":[343,635],"themen":[247],"class_list":["post-42821","story","type-story","status-publish","has-post-thumbnail","hentry","region-action-en-suisse","projektthema-ernaehrungszukunft-fr","projektthema-leuchttuerme-schweiz-fr","themen-consommation"],"publishpress_future_action":{"enabled":false,"date":"2026-05-07 03:36:50","action":"change-status","newStatus":"draft","terms":[],"taxonomy":"newsletter","extraData":[]},"publishpress_future_workflow_manual_trigger":{"enabledWorkflows":[]},"_links":{"self":[{"href":"https:\/\/www.biovision.ch\/fr\/wp-json\/wp\/v2\/story\/42821","targetHints":{"allow":["GET"]}}],"collection":[{"href":"https:\/\/www.biovision.ch\/fr\/wp-json\/wp\/v2\/story"}],"about":[{"href":"https:\/\/www.biovision.ch\/fr\/wp-json\/wp\/v2\/types\/story"}],"version-history":[{"count":11,"href":"https:\/\/www.biovision.ch\/fr\/wp-json\/wp\/v2\/story\/42821\/revisions"}],"predecessor-version":[{"id":42864,"href":"https:\/\/www.biovision.ch\/fr\/wp-json\/wp\/v2\/story\/42821\/revisions\/42864"}],"wp:featuredmedia":[{"embeddable":true,"href":"https:\/\/www.biovision.ch\/fr\/wp-json\/wp\/v2\/media\/37886"}],"wp:attachment":[{"href":"https:\/\/www.biovision.ch\/fr\/wp-json\/wp\/v2\/media?parent=42821"}],"wp:term":[{"taxonomy":"exclude-from-search","embeddable":true,"href":"https:\/\/www.biovision.ch\/fr\/wp-json\/wp\/v2\/exclude-from-search?post=42821"},{"taxonomy":"newsletter","embeddable":true,"href":"https:\/\/www.biovision.ch\/fr\/wp-json\/wp\/v2\/newsletter?post=42821"},{"taxonomy":"region","embeddable":true,"href":"https:\/\/www.biovision.ch\/fr\/wp-json\/wp\/v2\/region?post=42821"},{"taxonomy":"projektthema","embeddable":true,"href":"https:\/\/www.biovision.ch\/fr\/wp-json\/wp\/v2\/projektthema?post=42821"},{"taxonomy":"themen","embeddable":true,"href":"https:\/\/www.biovision.ch\/fr\/wp-json\/wp\/v2\/themen?post=42821"}],"curies":[{"name":"wp","href":"https:\/\/api.w.org\/{rel}","templated":true}]}}